{"id":8415,"date":"2025-05-04T20:43:17","date_gmt":"2025-05-04T18:43:17","guid":{"rendered":"https:\/\/www.ee.pw.edu.pl\/sawe\/?p=8415"},"modified":"2025-08-26T11:03:10","modified_gmt":"2025-08-26T09:03:10","slug":"zegnamy-ryszarda-janaszka-rocznik-1975","status":"publish","type":"post","link":"https:\/\/www.ee.pw.edu.pl\/sawe\/2025\/05\/04\/zegnamy-ryszarda-janaszka-rocznik-1975\/","title":{"rendered":"\u017begnamy Ryszarda Janaszka, rocznik 1975"},"content":{"rendered":"\n<p><strong>Z przykro\u015bci\u0105 zawiadamiamy, \u017ce 28 kwietnia 2025 roku w wieku 70 lat zmar\u0142 nasz Kolega Ryszard Janaszek, <\/strong><\/p>\n\n\n\n<!--more-->\n\n\n\n<p><strong>absolwent Wydzia\u0142u Elektrycznego &#8211; rocznik rozpocz\u0119cia studi\u00f3w 1975.<\/strong><\/p>\n\n\n\n<p>Studiowa\u0142 na specjalizacji Maszyny Elektryczne. Przez ca\u0142y okres nauki na WE PW, 1975-1980 mieszka\u0142 w DS Bratniak. W roku obchod\u00f3w 100-lecia Wydzia\u0142u Elektrycznego PW aktywnie wspiera\u0142 wydarzenia organizowane przez SAWE i Wydzia\u0142 Elektryczny, za co zosta\u0142 doceniony przez W\u0142adze Wydzia\u0142u i wyr\u00f3\u017cniony Medalem 100-lecia. Za\u0142o\u017cyciel i Prezes rodzinnej firmy Janaszek Electric.<\/p>\n\n\n\n<p>Msza \u015bwi\u0119ta pogrzebowa zostanie odprawiona 6 maja 2025 r. o godz. 10:00 w ko\u015bciele pw. \u015awi\u0119tej Anny, ul. Powstania Styczniowego 83 w D\u0142ugiej Ko\u015bcielnej (05-074 Halin\u00f3w), po czym nast\u0105pi wyprowadzenie na miejscowy cmentarz parafialny.<\/p>\n\n\n\n<figure class=\"wp-block-image size-large is-style-default\"><img fetchpriority=\"high\" decoding=\"async\" width=\"1024\" height=\"723\" src=\"https:\/\/www.ee.pw.edu.pl\/sawe\/wp-content\/uploads\/sites\/9\/2025\/05\/nekrolog_Ryszard-Janaszek-1024x723.jpg\" alt=\"\" class=\"wp-image-8417\" srcset=\"https:\/\/www.ee.pw.edu.pl\/sawe\/wp-content\/uploads\/sites\/9\/2025\/05\/nekrolog_Ryszard-Janaszek-1024x723.jpg 1024w, https:\/\/www.ee.pw.edu.pl\/sawe\/wp-content\/uploads\/sites\/9\/2025\/05\/nekrolog_Ryszard-Janaszek-300x212.jpg 300w, https:\/\/www.ee.pw.edu.pl\/sawe\/wp-content\/uploads\/sites\/9\/2025\/05\/nekrolog_Ryszard-Janaszek-768x543.jpg 768w, https:\/\/www.ee.pw.edu.pl\/sawe\/wp-content\/uploads\/sites\/9\/2025\/05\/nekrolog_Ryszard-Janaszek.jpg 1080w\" sizes=\"(max-width: 1024px) 100vw, 1024px\" \/><\/figure>\n\n\n\n<figure class=\"wp-block-image size-large is-style-default\"><img decoding=\"async\" width=\"1024\" height=\"768\" src=\"https:\/\/www.ee.pw.edu.pl\/sawe\/wp-content\/uploads\/sites\/9\/2025\/05\/20211002_134317-1024x768.jpg\" alt=\"\" class=\"wp-image-8418\" srcset=\"https:\/\/www.ee.pw.edu.pl\/sawe\/wp-content\/uploads\/sites\/9\/2025\/05\/20211002_134317-1024x768.jpg 1024w, https:\/\/www.ee.pw.edu.pl\/sawe\/wp-content\/uploads\/sites\/9\/2025\/05\/20211002_134317-300x225.jpg 300w, https:\/\/www.ee.pw.edu.pl\/sawe\/wp-content\/uploads\/sites\/9\/2025\/05\/20211002_134317-768x576.jpg 768w, https:\/\/www.ee.pw.edu.pl\/sawe\/wp-content\/uploads\/sites\/9\/2025\/05\/20211002_134317-1536x1152.jpg 1536w, https:\/\/www.ee.pw.edu.pl\/sawe\/wp-content\/uploads\/sites\/9\/2025\/05\/20211002_134317-2048x1536.jpg 2048w\" sizes=\"(max-width: 1024px) 100vw, 1024px\" \/><\/figure>\n","protected":false},"excerpt":{"rendered":"<p>Z przykro\u015bci\u0105 zawiadamiamy, \u017ce 28 kwietnia 2025 roku w wieku 70 lat zmar\u0142 nasz Kolega Ryszard Janaszek,<\/p>\n","protected":false},"author":12,"featured_media":8416,"comment_status":"closed","ping_status":"open","sticky":false,"template":"","format":"standard","meta":{"_monsterinsights_skip_tracking":false,"_monsterinsights_sitenote_active":false,"_monsterinsights_sitenote_note":"","_monsterinsights_sitenote_category":0,"ngg_post_thumbnail":0,"footnotes":""},"categories":[47],"tags":[],"class_list":["post-8415","post","type-post","status-publish","format-standard","has-post-thumbnail","hentry","category-in-memoriam"],"_links":{"self":[{"href":"https:\/\/www.ee.pw.edu.pl\/sawe\/wp-json\/wp\/v2\/posts\/8415","targetHints":{"allow":["GET"]}}],"collection":[{"href":"https:\/\/www.ee.pw.edu.pl\/sawe\/wp-json\/wp\/v2\/posts"}],"about":[{"href":"https:\/\/www.ee.pw.edu.pl\/sawe\/wp-json\/wp\/v2\/types\/post"}],"author":[{"embeddable":true,"href":"https:\/\/www.ee.pw.edu.pl\/sawe\/wp-json\/wp\/v2\/users\/12"}],"replies":[{"embeddable":true,"href":"https:\/\/www.ee.pw.edu.pl\/sawe\/wp-json\/wp\/v2\/comments?post=8415"}],"version-history":[{"count":3,"href":"https:\/\/www.ee.pw.edu.pl\/sawe\/wp-json\/wp\/v2\/posts\/8415\/revisions"}],"predecessor-version":[{"id":8692,"href":"https:\/\/www.ee.pw.edu.pl\/sawe\/wp-json\/wp\/v2\/posts\/8415\/revisions\/8692"}],"wp:featuredmedia":[{"embeddable":true,"href":"https:\/\/www.ee.pw.edu.pl\/sawe\/wp-json\/wp\/v2\/media\/8416"}],"wp:attachment":[{"href":"https:\/\/www.ee.pw.edu.pl\/sawe\/wp-json\/wp\/v2\/media?parent=8415"}],"wp:term":[{"taxonomy":"category","embeddable":true,"href":"https:\/\/www.ee.pw.edu.pl\/sawe\/wp-json\/wp\/v2\/categories?post=8415"},{"taxonomy":"post_tag","embeddable":true,"href":"https:\/\/www.ee.pw.edu.pl\/sawe\/wp-json\/wp\/v2\/tags?post=8415"}],"curies":[{"name":"wp","href":"https:\/\/api.w.org\/{rel}","templated":true}]}}