{"id":15337,"date":"2024-05-21T13:00:53","date_gmt":"2024-05-21T13:00:53","guid":{"rendered":"https:\/\/www.ee.pw.edu.pl\/?p=15337"},"modified":"2024-06-18T09:19:47","modified_gmt":"2024-06-18T09:19:47","slug":"swieto-wydzialu-elektrycznego-14-06-2024","status":"publish","type":"post","link":"https:\/\/www.ee.pw.edu.pl\/en\/blog\/2024\/05\/21\/swieto-wydzialu-elektrycznego-14-06-2024\/","title":{"rendered":"\u015awi\u0119to Wydzia\u0142u Elektrycznego | 14.06.2024"},"content":{"rendered":"<p>Serdecznie zapraszamy ca\u0142\u0105 spo\u0142eczno\u015b\u0107 Wydzia\u0142u Elektrycznego do \u015bwi\u0119towania 103 rocznicy utworzenia Wydzia\u0142u Elektrycznego na Politechnice Warszawskiej.<\/p>\n<p><script>\nsetTimeout(function() {\nwindow.location='https:\/\/www.ee.pw.edu.pl\/swieto-we-2024\/';\n}, 100);\n<\/script><\/p>\n","protected":false},"excerpt":{"rendered":"<p>Serdecznie zapraszamy ca\u0142\u0105 spo\u0142eczno\u015b\u0107 Wydzia\u0142u Elektrycznego do \u015bwi\u0119towania 103 rocznicy utworzenia Wydzia\u0142u Elektrycznego na Politechnice Warszawskiej.<\/p>\n","protected":false},"author":12,"featured_media":15329,"comment_status":"closed","ping_status":"closed","sticky":false,"template":"","format":"standard","meta":{"_monsterinsights_skip_tracking":false,"ngg_post_thumbnail":0,"footnotes":""},"categories":[41],"tags":[],"class_list":["post-15337","post","type-post","status-publish","format-standard","has-post-thumbnail","hentry","category-wydarzenia","cat-41-id"],"aioseo_notices":[],"aioseo_head":"\n\t\t<!-- All in One SEO 5.0.0.1 - aioseo.com -->\n\t<meta name=\"description\" content=\"Serdecznie zapraszamy ca\u0142\u0105 spo\u0142eczno\u015b\u0107 Wydzia\u0142u Elektrycznego do \u015bwi\u0119towania 103 rocznicy utworzenia Wydzia\u0142u Elektrycznego na Politechnice Warszawskiej. Serdecznie zapraszamy ca\u0142\u0105 spo\u0142eczno\u015b\u0107 Wydzia\u0142u Elektrycznego do \u015bwi\u0119towania 103 rocznicy utworzenia Wydzia\u0142u Elektrycznego na Politechnice Warszawskiej.\" \/>\n\t<meta name=\"robots\" content=\"max-image-preview:large\" \/>\n\t<meta name=\"author\" content=\"Katarzyna Szmur\u0142o\"\/>\n\t<link rel=\"canonical\" href=\"https:\/\/www.ee.pw.edu.pl\/en\/blog\/2024\/05\/21\/swieto-wydzialu-elektrycznego-14-06-2024\/\" \/>\n\t<meta name=\"generator\" content=\"All in One SEO (AIOSEO) 5.0.0.1\" \/>\n\t\t<meta property=\"og:locale\" content=\"en_US\" \/>\n\t\t<meta property=\"og:site_name\" content=\"FACULTY OF ELECTRICAL ENGINEERING - Warsaw University of Technology\" \/>\n\t\t<meta property=\"og:type\" content=\"article\" \/>\n\t\t<meta property=\"og:title\" content=\"\u015awi\u0119to Wydzia\u0142u Elektrycznego | 14.06.2024 - FACULTY OF ELECTRICAL ENGINEERING\" \/>\n\t\t<meta property=\"og:description\" content=\"Serdecznie zapraszamy ca\u0142\u0105 spo\u0142eczno\u015b\u0107 Wydzia\u0142u Elektrycznego do \u015bwi\u0119towania 103 rocznicy utworzenia Wydzia\u0142u Elektrycznego na Politechnice Warszawskiej. Serdecznie zapraszamy ca\u0142\u0105 spo\u0142eczno\u015b\u0107 Wydzia\u0142u Elektrycznego do \u015bwi\u0119towania 103 rocznicy utworzenia Wydzia\u0142u Elektrycznego na Politechnice Warszawskiej.\" \/>\n\t\t<meta property=\"og:url\" content=\"https:\/\/www.ee.pw.edu.pl\/en\/blog\/2024\/05\/21\/swieto-wydzialu-elektrycznego-14-06-2024\/\" \/>\n\t\t<meta property=\"article:published_time\" content=\"2024-05-21T13:00:53+00:00\" \/>\n\t\t<meta property=\"article:modified_time\" content=\"2024-06-18T09:19:47+00:00\" \/>\n\t\t<meta name=\"twitter:card\" content=\"summary_large_image\" \/>\n\t\t<meta name=\"twitter:title\" content=\"\u015awi\u0119to Wydzia\u0142u Elektrycznego | 14.06.2024 - FACULTY OF ELECTRICAL ENGINEERING\" \/>\n\t\t<meta name=\"twitter:description\" content=\"Serdecznie zapraszamy ca\u0142\u0105 spo\u0142eczno\u015b\u0107 Wydzia\u0142u Elektrycznego do \u015bwi\u0119towania 103 rocznicy utworzenia Wydzia\u0142u Elektrycznego na Politechnice Warszawskiej. Serdecznie zapraszamy ca\u0142\u0105 spo\u0142eczno\u015b\u0107 Wydzia\u0142u Elektrycznego do \u015bwi\u0119towania 103 rocznicy utworzenia Wydzia\u0142u Elektrycznego na Politechnice Warszawskiej.\" \/>\n\t\t<script type=\"application\/ld+json\" class=\"aioseo-schema\">\n\t\t\t{\"@context\":\"https:\\\/\\\/schema.org\",\"@graph\":[{\"@type\":\"BlogPosting\",\"@id\":\"https:\\\/\\\/www.ee.pw.edu.pl\\\/en\\\/blog\\\/2024\\\/05\\\/21\\\/swieto-wydzialu-elektrycznego-14-06-2024\\\/#blogposting\",\"name\":\"\\u015awi\\u0119to Wydzia\\u0142u Elektrycznego | 14.06.2024 - FACULTY OF ELECTRICAL ENGINEERING\",\"headline\":\"\\u015awi\\u0119to Wydzia\\u0142u Elektrycznego | 14.06.2024\",\"author\":{\"@id\":\"https:\\\/\\\/www.ee.pw.edu.pl\\\/en\\\/blog\\\/author\\\/szmurlok\\\/#author\"},\"publisher\":{\"@id\":\"https:\\\/\\\/www.ee.pw.edu.pl\\\/en\\\/#organization\"},\"image\":{\"@type\":\"ImageObject\",\"url\":\"https:\\\/\\\/www.ee.pw.edu.pl\\\/wp-content\\\/uploads\\\/2024\\\/05\\\/Zaproszenie_Swieto-WE-PW_14-06-2024-1.jpg\",\"width\":2000,\"height\":1410},\"datePublished\":\"2024-05-21T13:00:53+00:00\",\"dateModified\":\"2024-06-18T09:19:47+00:00\",\"inLanguage\":\"en-US\",\"mainEntityOfPage\":{\"@id\":\"https:\\\/\\\/www.ee.pw.edu.pl\\\/en\\\/blog\\\/2024\\\/05\\\/21\\\/swieto-wydzialu-elektrycznego-14-06-2024\\\/#webpage\"},\"isPartOf\":{\"@id\":\"https:\\\/\\\/www.ee.pw.edu.pl\\\/en\\\/blog\\\/2024\\\/05\\\/21\\\/swieto-wydzialu-elektrycznego-14-06-2024\\\/#webpage\"},\"articleSection\":\"wydarzenia\"},{\"@type\":\"BreadcrumbList\",\"@id\":\"https:\\\/\\\/www.ee.pw.edu.pl\\\/en\\\/blog\\\/2024\\\/05\\\/21\\\/swieto-wydzialu-elektrycznego-14-06-2024\\\/#breadcrumblist\",\"itemListElement\":[{\"@type\":\"ListItem\",\"@id\":\"https:\\\/\\\/www.ee.pw.edu.pl\\\/en#listItem\",\"position\":1,\"name\":\"Home\",\"item\":\"https:\\\/\\\/www.ee.pw.edu.pl\\\/en\",\"nextItem\":{\"@type\":\"ListItem\",\"@id\":\"https:\\\/\\\/www.ee.pw.edu.pl\\\/en\\\/blog\\\/category\\\/wydarzenia\\\/#listItem\",\"name\":\"wydarzenia\"}},{\"@type\":\"ListItem\",\"@id\":\"https:\\\/\\\/www.ee.pw.edu.pl\\\/en\\\/blog\\\/category\\\/wydarzenia\\\/#listItem\",\"position\":2,\"name\":\"wydarzenia\",\"item\":\"https:\\\/\\\/www.ee.pw.edu.pl\\\/en\\\/blog\\\/category\\\/wydarzenia\\\/\",\"nextItem\":{\"@type\":\"ListItem\",\"@id\":\"https:\\\/\\\/www.ee.pw.edu.pl\\\/en\\\/blog\\\/2024\\\/05\\\/21\\\/swieto-wydzialu-elektrycznego-14-06-2024\\\/#listItem\",\"name\":\"\\u015awi\\u0119to Wydzia\\u0142u Elektrycznego | 14.06.2024\"},\"previousItem\":{\"@type\":\"ListItem\",\"@id\":\"https:\\\/\\\/www.ee.pw.edu.pl\\\/en#listItem\",\"name\":\"Home\"}},{\"@type\":\"ListItem\",\"@id\":\"https:\\\/\\\/www.ee.pw.edu.pl\\\/en\\\/blog\\\/2024\\\/05\\\/21\\\/swieto-wydzialu-elektrycznego-14-06-2024\\\/#listItem\",\"position\":3,\"name\":\"\\u015awi\\u0119to Wydzia\\u0142u Elektrycznego | 14.06.2024\",\"previousItem\":{\"@type\":\"ListItem\",\"@id\":\"https:\\\/\\\/www.ee.pw.edu.pl\\\/en\\\/blog\\\/category\\\/wydarzenia\\\/#listItem\",\"name\":\"wydarzenia\"}}]},{\"@type\":\"Organization\",\"@id\":\"https:\\\/\\\/www.ee.pw.edu.pl\\\/en\\\/#organization\",\"name\":\"FACULTY OF ELECTRICAL ENGINEERING\",\"description\":\"Warsaw University of Technology\",\"url\":\"https:\\\/\\\/www.ee.pw.edu.pl\\\/en\\\/\"},{\"@type\":\"Person\",\"@id\":\"https:\\\/\\\/www.ee.pw.edu.pl\\\/en\\\/blog\\\/author\\\/szmurlok\\\/#author\",\"url\":\"https:\\\/\\\/www.ee.pw.edu.pl\\\/en\\\/blog\\\/author\\\/szmurlok\\\/\",\"name\":\"Katarzyna Szmur\\u0142o\",\"image\":{\"@type\":\"ImageObject\",\"@id\":\"https:\\\/\\\/www.ee.pw.edu.pl\\\/en\\\/blog\\\/2024\\\/05\\\/21\\\/swieto-wydzialu-elektrycznego-14-06-2024\\\/#authorImage\",\"url\":\"https:\\\/\\\/secure.gravatar.com\\\/avatar\\\/b6f3550002d00b25c68015b8c88d4ff34bec4eb1b7e629354073d97cf3c8c38a?s=96&d=mm&r=g\",\"width\":96,\"height\":96,\"caption\":\"Katarzyna Szmur\\u0142o\"}},{\"@type\":\"WebPage\",\"@id\":\"https:\\\/\\\/www.ee.pw.edu.pl\\\/en\\\/blog\\\/2024\\\/05\\\/21\\\/swieto-wydzialu-elektrycznego-14-06-2024\\\/#webpage\",\"url\":\"https:\\\/\\\/www.ee.pw.edu.pl\\\/en\\\/blog\\\/2024\\\/05\\\/21\\\/swieto-wydzialu-elektrycznego-14-06-2024\\\/\",\"name\":\"\\u015awi\\u0119to Wydzia\\u0142u Elektrycznego | 14.06.2024 - FACULTY OF ELECTRICAL ENGINEERING\",\"description\":\"Serdecznie zapraszamy ca\\u0142\\u0105 spo\\u0142eczno\\u015b\\u0107 Wydzia\\u0142u Elektrycznego do \\u015bwi\\u0119towania 103 rocznicy utworzenia Wydzia\\u0142u Elektrycznego na Politechnice Warszawskiej. Serdecznie zapraszamy ca\\u0142\\u0105 spo\\u0142eczno\\u015b\\u0107 Wydzia\\u0142u Elektrycznego do \\u015bwi\\u0119towania 103 rocznicy utworzenia Wydzia\\u0142u Elektrycznego na Politechnice Warszawskiej.\",\"inLanguage\":\"en-US\",\"isPartOf\":{\"@id\":\"https:\\\/\\\/www.ee.pw.edu.pl\\\/en\\\/#website\"},\"breadcrumb\":{\"@id\":\"https:\\\/\\\/www.ee.pw.edu.pl\\\/en\\\/blog\\\/2024\\\/05\\\/21\\\/swieto-wydzialu-elektrycznego-14-06-2024\\\/#breadcrumblist\"},\"author\":{\"@id\":\"https:\\\/\\\/www.ee.pw.edu.pl\\\/en\\\/blog\\\/author\\\/szmurlok\\\/#author\"},\"creator\":{\"@id\":\"https:\\\/\\\/www.ee.pw.edu.pl\\\/en\\\/blog\\\/author\\\/szmurlok\\\/#author\"},\"image\":{\"@type\":\"ImageObject\",\"url\":\"https:\\\/\\\/www.ee.pw.edu.pl\\\/wp-content\\\/uploads\\\/2024\\\/05\\\/Zaproszenie_Swieto-WE-PW_14-06-2024-1.jpg\",\"@id\":\"https:\\\/\\\/www.ee.pw.edu.pl\\\/en\\\/blog\\\/2024\\\/05\\\/21\\\/swieto-wydzialu-elektrycznego-14-06-2024\\\/#mainImage\",\"width\":2000,\"height\":1410},\"primaryImageOfPage\":{\"@id\":\"https:\\\/\\\/www.ee.pw.edu.pl\\\/en\\\/blog\\\/2024\\\/05\\\/21\\\/swieto-wydzialu-elektrycznego-14-06-2024\\\/#mainImage\"},\"datePublished\":\"2024-05-21T13:00:53+00:00\",\"dateModified\":\"2024-06-18T09:19:47+00:00\"},{\"@type\":\"WebSite\",\"@id\":\"https:\\\/\\\/www.ee.pw.edu.pl\\\/en\\\/#website\",\"url\":\"https:\\\/\\\/www.ee.pw.edu.pl\\\/en\\\/\",\"name\":\"FACULTY OF ELECTRICAL ENGINEERING\",\"description\":\"Warsaw University of Technology\",\"inLanguage\":\"en-US\",\"publisher\":{\"@id\":\"https:\\\/\\\/www.ee.pw.edu.pl\\\/en\\\/#organization\"}}]}\n\t\t<\/script>\n\t\t<!-- All in One SEO -->\n\n","aioseo_head_json":{"title":"\u015awi\u0119to Wydzia\u0142u Elektrycznego | 14.06.2024 - FACULTY OF ELECTRICAL ENGINEERING","description":"Serdecznie zapraszamy ca\u0142\u0105 spo\u0142eczno\u015b\u0107 Wydzia\u0142u Elektrycznego do \u015bwi\u0119towania 103 rocznicy utworzenia Wydzia\u0142u Elektrycznego na Politechnice Warszawskiej. Serdecznie zapraszamy ca\u0142\u0105 spo\u0142eczno\u015b\u0107 Wydzia\u0142u Elektrycznego do \u015bwi\u0119towania 103 rocznicy utworzenia Wydzia\u0142u Elektrycznego na Politechnice Warszawskiej.","canonical_url":"https:\/\/www.ee.pw.edu.pl\/en\/blog\/2024\/05\/21\/swieto-wydzialu-elektrycznego-14-06-2024\/","robots":"max-image-preview:large","keywords":"","webmasterTools":{"miscellaneous":""},"schema":{"@context":"https:\/\/schema.org","@graph":[{"@type":"BlogPosting","@id":"https:\/\/www.ee.pw.edu.pl\/en\/blog\/2024\/05\/21\/swieto-wydzialu-elektrycznego-14-06-2024\/#blogposting","name":"\u015awi\u0119to Wydzia\u0142u Elektrycznego | 14.06.2024 - FACULTY OF ELECTRICAL ENGINEERING","headline":"\u015awi\u0119to Wydzia\u0142u Elektrycznego | 14.06.2024","author":{"@id":"https:\/\/www.ee.pw.edu.pl\/en\/blog\/author\/szmurlok\/#author"},"publisher":{"@id":"https:\/\/www.ee.pw.edu.pl\/en\/#organization"},"image":{"@type":"ImageObject","url":"https:\/\/www.ee.pw.edu.pl\/wp-content\/uploads\/2024\/05\/Zaproszenie_Swieto-WE-PW_14-06-2024-1.jpg","width":2000,"height":1410},"datePublished":"2024-05-21T13:00:53+00:00","dateModified":"2024-06-18T09:19:47+00:00","inLanguage":"en-US","mainEntityOfPage":{"@id":"https:\/\/www.ee.pw.edu.pl\/en\/blog\/2024\/05\/21\/swieto-wydzialu-elektrycznego-14-06-2024\/#webpage"},"isPartOf":{"@id":"https:\/\/www.ee.pw.edu.pl\/en\/blog\/2024\/05\/21\/swieto-wydzialu-elektrycznego-14-06-2024\/#webpage"},"articleSection":"wydarzenia"},{"@type":"BreadcrumbList","@id":"https:\/\/www.ee.pw.edu.pl\/en\/blog\/2024\/05\/21\/swieto-wydzialu-elektrycznego-14-06-2024\/#breadcrumblist","itemListElement":[{"@type":"ListItem","@id":"https:\/\/www.ee.pw.edu.pl\/en#listItem","position":1,"name":"Home","item":"https:\/\/www.ee.pw.edu.pl\/en","nextItem":{"@type":"ListItem","@id":"https:\/\/www.ee.pw.edu.pl\/en\/blog\/category\/wydarzenia\/#listItem","name":"wydarzenia"}},{"@type":"ListItem","@id":"https:\/\/www.ee.pw.edu.pl\/en\/blog\/category\/wydarzenia\/#listItem","position":2,"name":"wydarzenia","item":"https:\/\/www.ee.pw.edu.pl\/en\/blog\/category\/wydarzenia\/","nextItem":{"@type":"ListItem","@id":"https:\/\/www.ee.pw.edu.pl\/en\/blog\/2024\/05\/21\/swieto-wydzialu-elektrycznego-14-06-2024\/#listItem","name":"\u015awi\u0119to Wydzia\u0142u Elektrycznego | 14.06.2024"},"previousItem":{"@type":"ListItem","@id":"https:\/\/www.ee.pw.edu.pl\/en#listItem","name":"Home"}},{"@type":"ListItem","@id":"https:\/\/www.ee.pw.edu.pl\/en\/blog\/2024\/05\/21\/swieto-wydzialu-elektrycznego-14-06-2024\/#listItem","position":3,"name":"\u015awi\u0119to Wydzia\u0142u Elektrycznego | 14.06.2024","previousItem":{"@type":"ListItem","@id":"https:\/\/www.ee.pw.edu.pl\/en\/blog\/category\/wydarzenia\/#listItem","name":"wydarzenia"}}]},{"@type":"Organization","@id":"https:\/\/www.ee.pw.edu.pl\/en\/#organization","name":"FACULTY OF ELECTRICAL ENGINEERING","description":"Warsaw University of Technology","url":"https:\/\/www.ee.pw.edu.pl\/en\/"},{"@type":"Person","@id":"https:\/\/www.ee.pw.edu.pl\/en\/blog\/author\/szmurlok\/#author","url":"https:\/\/www.ee.pw.edu.pl\/en\/blog\/author\/szmurlok\/","name":"Katarzyna Szmur\u0142o","image":{"@type":"ImageObject","@id":"https:\/\/www.ee.pw.edu.pl\/en\/blog\/2024\/05\/21\/swieto-wydzialu-elektrycznego-14-06-2024\/#authorImage","url":"https:\/\/secure.gravatar.com\/avatar\/b6f3550002d00b25c68015b8c88d4ff34bec4eb1b7e629354073d97cf3c8c38a?s=96&d=mm&r=g","width":96,"height":96,"caption":"Katarzyna Szmur\u0142o"}},{"@type":"WebPage","@id":"https:\/\/www.ee.pw.edu.pl\/en\/blog\/2024\/05\/21\/swieto-wydzialu-elektrycznego-14-06-2024\/#webpage","url":"https:\/\/www.ee.pw.edu.pl\/en\/blog\/2024\/05\/21\/swieto-wydzialu-elektrycznego-14-06-2024\/","name":"\u015awi\u0119to Wydzia\u0142u Elektrycznego | 14.06.2024 - FACULTY OF ELECTRICAL ENGINEERING","description":"Serdecznie zapraszamy ca\u0142\u0105 spo\u0142eczno\u015b\u0107 Wydzia\u0142u Elektrycznego do \u015bwi\u0119towania 103 rocznicy utworzenia Wydzia\u0142u Elektrycznego na Politechnice Warszawskiej. Serdecznie zapraszamy ca\u0142\u0105 spo\u0142eczno\u015b\u0107 Wydzia\u0142u Elektrycznego do \u015bwi\u0119towania 103 rocznicy utworzenia Wydzia\u0142u Elektrycznego na Politechnice Warszawskiej.","inLanguage":"en-US","isPartOf":{"@id":"https:\/\/www.ee.pw.edu.pl\/en\/#website"},"breadcrumb":{"@id":"https:\/\/www.ee.pw.edu.pl\/en\/blog\/2024\/05\/21\/swieto-wydzialu-elektrycznego-14-06-2024\/#breadcrumblist"},"author":{"@id":"https:\/\/www.ee.pw.edu.pl\/en\/blog\/author\/szmurlok\/#author"},"creator":{"@id":"https:\/\/www.ee.pw.edu.pl\/en\/blog\/author\/szmurlok\/#author"},"image":{"@type":"ImageObject","url":"https:\/\/www.ee.pw.edu.pl\/wp-content\/uploads\/2024\/05\/Zaproszenie_Swieto-WE-PW_14-06-2024-1.jpg","@id":"https:\/\/www.ee.pw.edu.pl\/en\/blog\/2024\/05\/21\/swieto-wydzialu-elektrycznego-14-06-2024\/#mainImage","width":2000,"height":1410},"primaryImageOfPage":{"@id":"https:\/\/www.ee.pw.edu.pl\/en\/blog\/2024\/05\/21\/swieto-wydzialu-elektrycznego-14-06-2024\/#mainImage"},"datePublished":"2024-05-21T13:00:53+00:00","dateModified":"2024-06-18T09:19:47+00:00"},{"@type":"WebSite","@id":"https:\/\/www.ee.pw.edu.pl\/en\/#website","url":"https:\/\/www.ee.pw.edu.pl\/en\/","name":"FACULTY OF ELECTRICAL ENGINEERING","description":"Warsaw University of Technology","inLanguage":"en-US","publisher":{"@id":"https:\/\/www.ee.pw.edu.pl\/en\/#organization"}}]},"og:locale":"en_US","og:site_name":"FACULTY OF ELECTRICAL ENGINEERING - Warsaw University of Technology","og:type":"article","og:title":"\u015awi\u0119to Wydzia\u0142u Elektrycznego | 14.06.2024 - FACULTY OF ELECTRICAL ENGINEERING","og:description":"Serdecznie zapraszamy ca\u0142\u0105 spo\u0142eczno\u015b\u0107 Wydzia\u0142u Elektrycznego do \u015bwi\u0119towania 103 rocznicy utworzenia Wydzia\u0142u Elektrycznego na Politechnice Warszawskiej. Serdecznie zapraszamy ca\u0142\u0105 spo\u0142eczno\u015b\u0107 Wydzia\u0142u Elektrycznego do \u015bwi\u0119towania 103 rocznicy utworzenia Wydzia\u0142u Elektrycznego na Politechnice Warszawskiej.","og:url":"https:\/\/www.ee.pw.edu.pl\/en\/blog\/2024\/05\/21\/swieto-wydzialu-elektrycznego-14-06-2024\/","article:published_time":"2024-05-21T13:00:53+00:00","article:modified_time":"2024-06-18T09:19:47+00:00","twitter:card":"summary_large_image","twitter:title":"\u015awi\u0119to Wydzia\u0142u Elektrycznego | 14.06.2024 - FACULTY OF ELECTRICAL ENGINEERING","twitter:description":"Serdecznie zapraszamy ca\u0142\u0105 spo\u0142eczno\u015b\u0107 Wydzia\u0142u Elektrycznego do \u015bwi\u0119towania 103 rocznicy utworzenia Wydzia\u0142u Elektrycznego na Politechnice Warszawskiej. Serdecznie zapraszamy ca\u0142\u0105 spo\u0142eczno\u015b\u0107 Wydzia\u0142u Elektrycznego do \u015bwi\u0119towania 103 rocznicy utworzenia Wydzia\u0142u Elektrycznego na Politechnice Warszawskiej."},"aioseo_meta_data":{"post_id":"15337","title":null,"description":"#post_excerpt Serdecznie zapraszamy ca\u0142\u0105 spo\u0142eczno\u015b\u0107 Wydzia\u0142u Elektrycznego do \u015bwi\u0119towania 103 rocznicy utworzenia Wydzia\u0142u Elektrycznego na Politechnice Warszawskiej.","keywords":[],"keyphrases":{"focus":{"keyphrase":"","score":0,"analysis":{"keyphraseInTitle":{"score":0,"maxScore":9,"error":1}}},"additional":[]},"primary_term":null,"canonical_url":null,"og_title":null,"og_description":null,"og_object_type":"default","og_image_type":"default","og_image_url":null,"og_image_width":null,"og_image_height":null,"og_image_custom_url":null,"og_image_custom_fields":null,"og_video":"","og_custom_url":null,"og_article_section":null,"og_article_tags":[],"twitter_use_og":false,"twitter_card":"default","twitter_image_type":"default","twitter_image_url":null,"twitter_image_custom_url":null,"twitter_image_custom_fields":null,"twitter_title":null,"twitter_description":null,"schema":{"blockGraphs":[],"customGraphs":[],"default":{"data":{"Article":[],"Course":[],"Dataset":[],"FAQPage":[],"Movie":[],"Person":[],"Product":[],"ProductReview":[],"Car":[],"Recipe":[],"Service":[],"SoftwareApplication":[],"WebPage":[]},"graphName":"BlogPosting","isEnabled":true},"graphs":[]},"schema_type":"default","schema_type_options":null,"pillar_content":false,"robots_default":true,"robots_noindex":false,"robots_noarchive":false,"robots_nosnippet":false,"robots_nofollow":false,"robots_noimageindex":false,"robots_noodp":false,"robots_notranslate":false,"robots_max_snippet":"-1","robots_max_videopreview":"-1","robots_max_imagepreview":"large","priority":null,"frequency":"default","local_seo":null,"breadcrumb_settings":null,"limit_modified_date":false,"ai":null,"created":"2024-05-21 12:51:01","updated":"2025-06-04 13:08:15","seo_analyzer_scan_date":null,"focus_keyword":null,"additional_keywords":null,"truseo_locale":null},"aioseo_breadcrumb":"<div class=\"aioseo-breadcrumbs\"><span class=\"aioseo-breadcrumb\">\n\t\t\t<a href=\"https:\/\/www.ee.pw.edu.pl\/en\" title=\"Home\">Home<\/a>\n\t\t<\/span><span class=\"aioseo-breadcrumb-separator\">&raquo;<\/span><span class=\"aioseo-breadcrumb\">\n\t\t\t<a href=\"https:\/\/www.ee.pw.edu.pl\/en\/blog\/category\/wydarzenia\/\" title=\"wydarzenia\">wydarzenia<\/a>\n\t\t<\/span><span class=\"aioseo-breadcrumb-separator\">&raquo;<\/span><span class=\"aioseo-breadcrumb\">\n\t\t\t\u015awi\u0119to Wydzia\u0142u Elektrycznego | 14.06.2024\n\t\t<\/span><\/div>","aioseo_breadcrumb_json":[{"label":"Home","link":"https:\/\/www.ee.pw.edu.pl\/en"},{"label":"wydarzenia","link":"https:\/\/www.ee.pw.edu.pl\/en\/blog\/category\/wydarzenia\/"},{"label":"\u015awi\u0119to Wydzia\u0142u Elektrycznego | 14.06.2024","link":"https:\/\/www.ee.pw.edu.pl\/en\/blog\/2024\/05\/21\/swieto-wydzialu-elektrycznego-14-06-2024\/"}],"_links":{"self":[{"href":"https:\/\/www.ee.pw.edu.pl\/en\/wp-json\/wp\/v2\/posts\/15337","targetHints":{"allow":["GET"]}}],"collection":[{"href":"https:\/\/www.ee.pw.edu.pl\/en\/wp-json\/wp\/v2\/posts"}],"about":[{"href":"https:\/\/www.ee.pw.edu.pl\/en\/wp-json\/wp\/v2\/types\/post"}],"author":[{"embeddable":true,"href":"https:\/\/www.ee.pw.edu.pl\/en\/wp-json\/wp\/v2\/users\/12"}],"replies":[{"embeddable":true,"href":"https:\/\/www.ee.pw.edu.pl\/en\/wp-json\/wp\/v2\/comments?post=15337"}],"version-history":[{"count":6,"href":"https:\/\/www.ee.pw.edu.pl\/en\/wp-json\/wp\/v2\/posts\/15337\/revisions"}],"predecessor-version":[{"id":15344,"href":"https:\/\/www.ee.pw.edu.pl\/en\/wp-json\/wp\/v2\/posts\/15337\/revisions\/15344"}],"wp:featuredmedia":[{"embeddable":true,"href":"https:\/\/www.ee.pw.edu.pl\/en\/wp-json\/wp\/v2\/media\/15329"}],"wp:attachment":[{"href":"https:\/\/www.ee.pw.edu.pl\/en\/wp-json\/wp\/v2\/media?parent=15337"}],"wp:term":[{"taxonomy":"category","embeddable":true,"href":"https:\/\/www.ee.pw.edu.pl\/en\/wp-json\/wp\/v2\/categories?post=15337"},{"taxonomy":"post_tag","embeddable":true,"href":"https:\/\/www.ee.pw.edu.pl\/en\/wp-json\/wp\/v2\/tags?post=15337"}],"curies":[{"name":"wp","href":"https:\/\/api.w.org\/{rel}","templated":true}]}}