{"id":375,"date":"2021-03-18T20:58:33","date_gmt":"2021-03-18T19:58:33","guid":{"rendered":"http:\/\/www.ee.pw.edu.pl\/100-lecie\/?p=375"},"modified":"2021-04-06T09:08:16","modified_gmt":"2021-04-06T07:08:16","slug":"z-wizyta-u-prof-wladyslawa-latka","status":"publish","type":"post","link":"https:\/\/www.ee.pw.edu.pl\/100-lecie\/2021\/03\/18\/z-wizyta-u-prof-wladyslawa-latka\/","title":{"rendered":"Z wizyt\u0105 u profesora W\u0142adys\u0142awa Latka w 105 rocznic\u0119 urodzin"},"content":{"rendered":"<p class=\"p1\">4 marca na Wojskowym Cmentarzu Pow\u0105zkowskim zebra\u0142o si\u0119 grono pracownik\u00f3w Wydzia\u0142u Elektrycznego oraz przedstawicieli Stowarzyszenia Elektryk\u00f3w Polskich z okazji przypadaj\u0105cej na koniec lutego 105 rocznicy urodzin znakomitego specjalisty maszyn elektrycznych, profesora W\u0142adys\u0142awa Latka.<br \/>\n<!--more--><\/p>\n<p class=\"p1\">Spotkali\u015bmy si\u0119 z cz\u0142onkami Rodziny Profesora, przede wszystkim c\u00f3rk\u0105 \u2013 Pani\u0105 El\u017cbiet\u0105 Latek-Lechowsk\u0105. Stowarzyszenie Elektryk\u00f3w Polskich znakomicie reprezentowa\u0142a Pani Renata Zych. By\u0142y kwiaty, znicze, sztandar, emblematy naszych instytucji, kt\u00f3re tak wiele Profesorowi zawdzi\u0119czaj\u0105. Podczas swego pracowitego \u017cycia pe\u0142ni\u0142 odpowiedzialne funkcje w Zarz\u0105dzie G\u0142\u00f3wnym SEP i w Oddziale Warszawskim, kierowa\u0142 tak\u017ce Wydzia\u0142em Elektrycznym PW oraz Instytutem Maszyn Elektrycznych. Bardzo pi\u0119kn\u0105 kart\u0105 w \u017cyciorysie W\u0142adys\u0142awa Latka jest bohaterska s\u0142u\u017cba w okresie II wojny \u015bwiatowej w szeregach BCH. Dla nas wszystkich Profesor jest jednak symbolem znakomitego naukowca, dydaktyka, cz\u0142owieka honoru. Wspomnieniom serdecznym nie by\u0142o ko\u0144ca\u2026<\/p>\n<blockquote>\n<p class=\"p1\">Przeczytaj te\u017c: <a href=\"http:\/\/www.ee.pw.edu.pl\/wp-content\/uploads\/2021\/03\/Artykul_Profesor-Wladyslaw-Latek_wybitny-ekspert-maszyn-elektrycznych.pdf\" target=\"_blank\" rel=\"noopener noreferrer\">Profesor W\u0142adys\u0142aw Latek \u2013 wybitny ekspert maszyn elektrycznych\u00bb<\/a><\/p>\n<\/blockquote>\n<p class=\"p1\">Odwiedzinami na grobie profesora W\u0142adys\u0142awa Latka, symbolicznie zapocz\u0105tkowali\u015bmy obchody jubileuszu 100-lecia powstania Wydzia\u0142u Elektrycznego przypadaj\u0105cego w tym roku. Dlatego po\u015br\u00f3d aktywno\u015bci planowanych na najbli\u017csze miesi\u0105ce, chcieliby\u015bmy r\u00f3wnie\u017c odwiedzi\u0107 groby tych, kt\u00f3rym tyle zawdzi\u0119czamy. Pierwszym po\u015br\u00f3d pocztu zas\u0142u\u017conych okaza\u0142 si\u0119 profesor W\u0142adys\u0142aw Latek w 105 rocznic\u0119 swoich urodzin.<\/p>\n","protected":false},"excerpt":{"rendered":"<p>4 marca na Wojskowym Cmentarzu Pow\u0105zkowskim zebra\u0142o si\u0119 grono pracownik\u00f3w Wydzia\u0142u Elektrycznego oraz przedstawicieli Stowarzyszenia Elektryk\u00f3w Polskich z okazji przypadaj\u0105cej na koniec lutego 105 rocznicy urodzin znakomitego specjalisty maszyn elektrycznych, profesora W\u0142adys\u0142awa Latka.<\/p>\n","protected":false},"author":12,"featured_media":384,"comment_status":"open","ping_status":"open","sticky":false,"template":"","format":"gallery","meta":{"inline_featured_image":false,"_monsterinsights_skip_tracking":false,"_monsterinsights_sitenote_active":false,"_monsterinsights_sitenote_note":"","_monsterinsights_sitenote_category":0,"ngg_post_thumbnail":0,"footnotes":""},"categories":[3],"tags":[],"class_list":["post-375","post","type-post","status-publish","format-gallery","has-post-thumbnail","hentry","category-gallery-post","post_format-post-format-gallery"],"_links":{"self":[{"href":"https:\/\/www.ee.pw.edu.pl\/100-lecie\/wp-json\/wp\/v2\/posts\/375","targetHints":{"allow":["GET"]}}],"collection":[{"href":"https:\/\/www.ee.pw.edu.pl\/100-lecie\/wp-json\/wp\/v2\/posts"}],"about":[{"href":"https:\/\/www.ee.pw.edu.pl\/100-lecie\/wp-json\/wp\/v2\/types\/post"}],"author":[{"embeddable":true,"href":"https:\/\/www.ee.pw.edu.pl\/100-lecie\/wp-json\/wp\/v2\/users\/12"}],"replies":[{"embeddable":true,"href":"https:\/\/www.ee.pw.edu.pl\/100-lecie\/wp-json\/wp\/v2\/comments?post=375"}],"version-history":[{"count":4,"href":"https:\/\/www.ee.pw.edu.pl\/100-lecie\/wp-json\/wp\/v2\/posts\/375\/revisions"}],"predecessor-version":[{"id":521,"href":"https:\/\/www.ee.pw.edu.pl\/100-lecie\/wp-json\/wp\/v2\/posts\/375\/revisions\/521"}],"wp:featuredmedia":[{"embeddable":true,"href":"https:\/\/www.ee.pw.edu.pl\/100-lecie\/wp-json\/wp\/v2\/media\/384"}],"wp:attachment":[{"href":"https:\/\/www.ee.pw.edu.pl\/100-lecie\/wp-json\/wp\/v2\/media?parent=375"}],"wp:term":[{"taxonomy":"category","embeddable":true,"href":"https:\/\/www.ee.pw.edu.pl\/100-lecie\/wp-json\/wp\/v2\/categories?post=375"},{"taxonomy":"post_tag","embeddable":true,"href":"https:\/\/www.ee.pw.edu.pl\/100-lecie\/wp-json\/wp\/v2\/tags?post=375"}],"curies":[{"name":"wp","href":"https:\/\/api.w.org\/{rel}","templated":true}]}}