{"id":1843,"date":"2023-04-24T14:11:31","date_gmt":"2023-04-24T12:11:31","guid":{"rendered":"https:\/\/www.ee.pw.edu.pl\/100-lecie\/?p=1843"},"modified":"2023-05-10T15:32:52","modified_gmt":"2023-05-10T13:32:52","slug":"xxv-majowka-wydzialu-elektrycznego-pw","status":"publish","type":"post","link":"https:\/\/www.ee.pw.edu.pl\/100-lecie\/2023\/04\/24\/xxv-majowka-wydzialu-elektrycznego-pw\/","title":{"rendered":"XXV Maj\u00f3wka Wydzia\u0142u Elektrycznego PW"},"content":{"rendered":"\n<p><em>Szanowni &nbsp;Pa\u0144stwo,<\/em><\/p>\n\n\n\n<div class=\"wp-block-media-text alignwide is-stacked-on-mobile\" style=\"grid-template-columns:41% auto\"><figure class=\"wp-block-media-text__media\"><img loading=\"lazy\" decoding=\"async\" width=\"960\" height=\"720\" src=\"https:\/\/www.ee.pw.edu.pl\/100-lecie\/wp-content\/uploads\/sites\/5\/2023\/04\/MAJOWKA-ELEKTRYCZNA-2023.png\" alt=\"\" class=\"wp-image-1844 size-full\" srcset=\"https:\/\/www.ee.pw.edu.pl\/100-lecie\/wp-content\/uploads\/sites\/5\/2023\/04\/MAJOWKA-ELEKTRYCZNA-2023.png 960w, https:\/\/www.ee.pw.edu.pl\/100-lecie\/wp-content\/uploads\/sites\/5\/2023\/04\/MAJOWKA-ELEKTRYCZNA-2023-300x225.png 300w, https:\/\/www.ee.pw.edu.pl\/100-lecie\/wp-content\/uploads\/sites\/5\/2023\/04\/MAJOWKA-ELEKTRYCZNA-2023-768x576.png 768w\" sizes=\"auto, (max-width: 960px) 100vw, 960px\" \/><\/figure><div class=\"wp-block-media-text__content\">\n<p>Drodzy Uczestnicy naszej MAJ\u00d3WKI 2023 \u201eNOWOGR\u00d3D \u2013 wrota Mazur i Podlasia\u201d! Ju\u017c tylko pojedyncze dni dziel\u0105 nas od wyruszenia na szlak. Wszystko przygotowane, domkni\u0119te. B\u0119dziecie Pa\u0144stwo ubezpieczeni, mamy op\u0142acone go\u015bciny w kurpiowskich gospodach, oczekuj\u0105 nas gospodarze Elektrowni OSTRO\u0141\u0118KA oraz skansenu nad Pis\u0105 i Narwi\u0105, i znakomity autokar firmy RAF TRANS pod par\u0105 \u2013 w drog\u0119 zatem!<\/p>\n<\/div><\/div>\n\n\n\n<p>Spotykamy si\u0119 o 7.15 przed Gmachem G\u0142\u00f3wnym Politechniki, wkr\u00f3tce potem wyruszamy. Na obfite \u015bniadanie zapraszam wszystkich do zajazdu Kurpianka w R\u00f3\u017canie (w menu oczywi\u015bcie nie zabraknie turystycznej jajecznicy na boczku, nale\u015bnik\u00f3w, p\u00f3\u0142misk\u00f3w rozmaitych smako\u0142yk\u00f3w i dobrej kawy!). Kolejny punkt Maj\u00f3wki 2023 to zwiedzanie si\u0142owni w Ostro\u0142\u0119ce. Wizyta w elektrowni b\u0119dzie znakomit\u0105 sposobno\u015bci\u0105, aby na miejscu pos\u0142ucha\u0107 o burzliwych okoliczno\u015bciach towarzysz\u0105cych planom rozbudowy tego obiektu. Jak Pa\u0144stwo wiecie prace nad projektem nowego, niezwykle zaawansowanego technicznie bloku w\u0119glowego w Elektrowni Ostro\u0142\u0119ka rozpocz\u0119\u0142y si\u0119 w 2009 r. We wrze\u015bniu 2012 r. wstrzymano je nie mog\u0105c pozyska\u0107 finansowania rynku. Wiosn\u0105 2018 r. konsorcjum GE Power i Alstom wygra\u0142o przetarg na budow\u0119 1000 MW bloku na w\u0119giel kamienny za 6 mld z\u0142otych. Polecenie wszcz\u0119cia prac budowlanych wydano z ko\u0144cem 2018 roku, jednak wiosn\u0105 2020 r. budow\u0119 ponownie zawieszono. W czerwcu 2020 Enea i Energa podj\u0119\u0142y decyzj\u0119 o kontynuowaniu inwestycji, ale po konwersji technologii na wykorzystuj\u0105c\u0105 spalanie gazu ziemnego do produkcji energii elektrycznej i ruszy\u0142a rozbi\u00f3rka wybudowanych wcze\u015bniej element\u00f3w bloku w\u0119glowego elektrowni. Docieraj\u0105 stale do nas sprzeczne informacje o stanie obecnym tej ogromnej inwestycji i planach na przysz\u0142o\u015b\u0107. Szum medialny ostro podkr\u0119cany jest politycznie, a tzw. ekolodzy szalej\u0105 staraj\u0105c si\u0119 blokowa\u0107 wszelkie poczynania energetyczne. Warto pojecha\u0107, w Ostro\u0142\u0119ce zasi\u0119gn\u0105\u0107 j\u0119zyka\u2026 Dla elektryk\u00f3w b\u0119dzie to tak\u017ce okazja, aby podziwia\u0107 turbogeneratory \u2013 tak mi\u0142e sercu naszego znakomitego mentora Profesora W\u0142adys\u0142aw Latka. Dalej szlak powiedzie nas do Nowogrodu, do kultowej karczmy Wisz\u0105ce Ogrody. I zn\u00f3w zam\u00f3wione ciekawe zestawy regionalnych da\u0144, deser\u00f3w oraz napitk\u00f3w: kartacze, rejbaki, pampuchy kurpiowskie, psiwo je\u0142owcowe. Kto dot\u0105d nie kosztowa\u0142 \u2013 nie wie co dobre!<\/p>\n\n\n\n<p>A po po\u0142udniu oczkuje najwi\u0119ksza atrakcja \u2013 zwiedzanie MUZEUM-SKANSENU KURPIOWSKIEGO im. Adama Ch\u0119tnika. W towarzystwie przewodnika podziwia\u0107 b\u0119dziemy skarby architektury i r\u0119kodzielnictwa ojc\u00f3w tej pi\u0119knej krainy. Z pewno\u015bci\u0105 my\u015bl o konieczno\u015bci powrotu do stolicy \u2013 nie sprawi nikomu rado\u015bci\u2026<\/p>\n\n\n\n<p>UWAGI ORGANIZACYJNE na koniec: zg\u0142oszenia nale\u017cy jak najsprawniej ju\u017c sk\u0142ada\u0107 u p. Sylwii Milewskiej tel. 22-234-78-83 lub poczt\u0105: S&#121;&#108;&#x77;&#x69;&#x61;&#x2e;M&#105;&#108;&#101;&#x77;&#x73;&#x6b;a&#64;&#112;&#119;&#x2e;&#x65;&#x64;u&#46;&#112;&#108;. Oczywi\u015bcie tak\u017ce osobi\u015bcie w dziekanacie gab. 216 GG.<\/p>\n\n\n\n<p>Koszty naszej wycieczki kalkulowane skromnie, wi\u0119cej nawet \u2013 obni\u017cone istotnie dotacj\u0105 dzieka\u0144sk\u0105! Dzieci do lat 4 \u2013 gratis, m\u0142odzie\u017c i studenci \u2013 op\u0142ata 110 z\u0142otych, emeryci \u2013 120 z\u0142otych, pracuj\u0105cy zawodowo \u2013 130 z\u0142otych. Op\u0142aty sk\u0142ada\u0107 nale\u017cy w dziekanacie lub przelewem na konto dedykowane majowej wyprawie numer: 23 1240 1053 1111 0010 3332 5533. Wystarczy wpisa\u0107 MAJ\u00d3WKA i poda\u0107 swe nazwisko (oczywi\u015bcie mo\u017cna p\u0142aci\u0107 \u0142\u0105cznie za kilka os\u00f3b).<\/p>\n\n\n\n<p>No c\u00f3\u017c\u2026 Wrzucajmy dzi\u015b buty i \u015bpiewnik do plecaka i nied\u0142ugo, w sobot\u0119 13 maja\u2026 w drog\u0119!<\/p>\n\n\n\n<p>Najserdeczniej swych W\u0119drownik\u00f3w zacnych pozdrawiam i u\u015bciskam \u2013<\/p>\n\n\n\n<p><em>Wojciech Urba\u0144ski<\/em><br><em>prodziekan<\/em><\/p>\n\n\n\n<p>Dziekanat WE PW, dnia 5 maja 2023 roku<\/p>\n\n\n\n<!--nextpage-->\n\n\n\n<p>Z ogromn\u0105 przyjemno\u015bci\u0105 zawiadamiam o zako\u0144czonych przygotowaniach naszej wsp\u00f3lnej wiosennej wyprawy. \u00a0B\u0119dzie to ju\u017c \u00a0XXV MAJ\u00d3WKA WYDZIA\u0141U ELEKTRYCZNEGO PW! \u00a0Szykuje si\u0119 kolejna wspania\u0142a przygoda, znakomita wycieczka przyjaci\u00f3\u0142 \u201ew Polsk\u0119\u201d. Cel eksploracji tegorocznej to \u00a0KURPIE! A jej przewodnim has\u0142em: \u00a0\u201e<strong><em>NOWOGR\u00d3D &#8211; wrota<\/em> <em>Mazur i Podlasia<\/em><\/strong>\u201d.<\/p>\n\n\n\n<p>z ogromn\u0105 przyjemno\u015bci\u0105 zawiadamiam o zako\u0144czonych przygotowaniach naszej wsp\u00f3lnej wiosennej wyprawy. \u00a0B\u0119dzie to ju\u017c \u00a0XXV MAJ\u00d3WKA WYDZIA\u0141U ELEKTRYCZNEGO PW! \u00a0Szykuje si\u0119 kolejna wspania\u0142a przygoda, znakomita wycieczka przyjaci\u00f3\u0142 \u201ew Polsk\u0119\u201d. Cel eksploracji tegorocznej to \u00a0KURPIE! A jej przewodnim has\u0142em: \u00a0\u201e<strong><em>NOWOGR\u00d3D &#8211; wrota<\/em> <em>Mazur i Podlasia<\/em><\/strong>\u201d. <\/p>\n\n\n\n<p>Program majowego weekendu bardzo ciekawy, skusi z pewno\u015bci\u0105&nbsp; zar\u00f3wno wytrawnych globtroter\u00f3w, jak i osoby turystycznie niedo\u015bwiadczone jeszcze. &nbsp;Nawiedzimy Ostro\u0142\u0119k\u0119 (zwiedzanie elektrowni!) oraz Nowogr\u00f3d w\u0142a\u015bnie, aby nacieszy\u0107 si\u0119 tam skarbami kultury kurpiowskiej.<\/p>\n\n\n\n<p>Ju\u017c wynaj\u0119li\u015bmy wygodny, du\u017cy autokar i <strong>wyruszymy nim <u>w sobot\u0119 13 maja<\/u> <u>o godz. 7.15 &nbsp;spod Gmachu G\u0142\u00f3wnego PW<\/u>, &nbsp;a powr\u00f3t zaplanowany zosta\u0142 niezbyt p\u00f3\u017ano, te\u017c tego dnia<\/strong>. &nbsp;W tym roku wyprawa jednodniowa zatem &#8211; i w terminie niezjazdowym &#8211; mam nadziej\u0119 na du\u017c\u0105 liczb\u0119 uczestnik\u00f3w (wyk\u0142adowc\u00f3w i student\u00f3w z rodzinami!) zatem.<\/p>\n\n\n\n<div class=\"wp-block-media-text alignwide is-stacked-on-mobile\" style=\"grid-template-columns:15% auto\"><figure class=\"wp-block-media-text__media\"><a href=\"http:\/\/www.styki.org\/\" target=\"_blank\" rel=\"noopener\"><img loading=\"lazy\" decoding=\"async\" width=\"300\" height=\"300\" src=\"https:\/\/www.ee.pw.edu.pl\/100-lecie\/wp-content\/uploads\/sites\/5\/2021\/02\/logo_styki.jpg\" alt=\"\" class=\"wp-image-218 size-full\" srcset=\"https:\/\/www.ee.pw.edu.pl\/100-lecie\/wp-content\/uploads\/sites\/5\/2021\/02\/logo_styki.jpg 300w, https:\/\/www.ee.pw.edu.pl\/100-lecie\/wp-content\/uploads\/sites\/5\/2021\/02\/logo_styki-150x150.jpg 150w, https:\/\/www.ee.pw.edu.pl\/100-lecie\/wp-content\/uploads\/sites\/5\/2021\/02\/logo_styki-261x261.jpg 261w, https:\/\/www.ee.pw.edu.pl\/100-lecie\/wp-content\/uploads\/sites\/5\/2021\/02\/logo_styki-160x160.jpg 160w\" sizes=\"auto, (max-width: 300px) 100vw, 300px\" \/><\/a><\/figure><div class=\"wp-block-media-text__content\">\n<p>Szczeg\u00f3\u0142y organizacyjne i opis ciekawostek turystycznych ju\u017c wkr\u00f3tce. <a href=\"http:\/\/www.styki.org\/\" target=\"_blank\" rel=\"noreferrer noopener\">Stowarzyszenie Klub Turystyczny Elektryk\u00f3w \u201eSTYKI\u201d<\/a> jest wsp\u00f3\u0142organizatorem wyprawy &#8211; a wi\u0119c \u015bpiewanki pewne! B\u0119dzie wspaniale.<\/p>\n<\/div><\/div>\n\n\n\n<p>Drodzy Uczestnicy naszej \u201eelektrycznej\u201d wyprawy \u2013 serdecznie zapraszam! Mam zaszczyt po raz kolejny organizowa\u0107 to znakomite przedsi\u0119wzi\u0119cie, kt\u00f3re zawsze, dzi\u0119ki Pa\u0144stwa aktywno\u015bci, udaje si\u0119 \u015bwietnie.<\/p>\n\n\n\n<p>Oczywi\u015bcie tegoroczne atrakcje kalkulowane s\u0105 oszcz\u0119dnie, mamy obiecane dofinansowanie, przewiduj\u0119 zni\u017cki te\u017c dla emeryt\u00f3w i student\u00f3w.<\/p>\n\n\n\n<p>Raz jeszcze zapraszam!<br><em>Wojciech Urba\u0144ski<\/em><br>prodziekan<\/p>\n\n\n\n<p>Dziekanat WE PW,&nbsp; dnia 18 kwietnia 2023 roku<\/p>\n\n\n\n<p>PS &#8211; zg\u0142oszenia ju\u017c mo\u017cna sk\u0142ada\u0107 u p. Sylwii Milewskiej &#8211; tel. 22-234-78-83 lub poczt\u0105: <a href=\"m&#97;&#x69;&#x6c;t&#111;&#x3a;&#x53;y&#108;&#x77;&#x69;a&#46;&#x4d;&#x69;l&#101;&#x77;&#x73;k&#97;&#64;&#x70;&#x77;&#46;&#101;&#x64;&#x75;&#46;&#112;&#x6c;\" target=\"_blank\" rel=\"noreferrer noopener\">&#83;&#121;&#x6c;&#x77;&#105;&#97;&#x2e;&#x4d;&#105;&#108;&#x65;&#x77;&#115;&#107;&#x61;&#x40;&#112;&#119;&#x2e;&#x65;&#100;&#117;&#x2e;&#x70;&#108;<\/a><\/p>\n","protected":false},"excerpt":{"rendered":"<p>Szanowni &nbsp;Pa\u0144stwo, Drodzy Uczestnicy naszej MAJ\u00d3WKI 2023 \u201eNOWOGR\u00d3D \u2013 wrota Mazur i Podlasia\u201d! Ju\u017c tylko pojedyncze dni dziel\u0105 nas od wyruszenia na szlak. Wszystko przygotowane, domkni\u0119te. B\u0119dziecie Pa\u0144stwo ubezpieczeni, mamy op\u0142acone go\u015bciny w kurpiowskich gospodach, oczekuj\u0105 nas gospodarze Elektrowni OSTRO\u0141\u0118KA oraz skansenu nad Pis\u0105 i Narwi\u0105, i znakomity autokar firmy RAF TRANS pod par\u0105 \u2013 <a href=\"https:\/\/www.ee.pw.edu.pl\/100-lecie\/2023\/04\/24\/xxv-majowka-wydzialu-elektrycznego-pw\/\" class=\"more-link\"> [&#8230;]<\/a><\/p>\n","protected":false},"author":12,"featured_media":1844,"comment_status":"open","ping_status":"open","sticky":false,"template":"","format":"standard","meta":{"inline_featured_image":false,"_monsterinsights_skip_tracking":false,"_monsterinsights_sitenote_active":false,"_monsterinsights_sitenote_note":"","_monsterinsights_sitenote_category":0,"ngg_post_thumbnail":0,"footnotes":""},"categories":[1],"tags":[],"class_list":["post-1843","post","type-post","status-publish","format-standard","has-post-thumbnail","hentry","category-audio-post"],"_links":{"self":[{"href":"https:\/\/www.ee.pw.edu.pl\/100-lecie\/wp-json\/wp\/v2\/posts\/1843","targetHints":{"allow":["GET"]}}],"collection":[{"href":"https:\/\/www.ee.pw.edu.pl\/100-lecie\/wp-json\/wp\/v2\/posts"}],"about":[{"href":"https:\/\/www.ee.pw.edu.pl\/100-lecie\/wp-json\/wp\/v2\/types\/post"}],"author":[{"embeddable":true,"href":"https:\/\/www.ee.pw.edu.pl\/100-lecie\/wp-json\/wp\/v2\/users\/12"}],"replies":[{"embeddable":true,"href":"https:\/\/www.ee.pw.edu.pl\/100-lecie\/wp-json\/wp\/v2\/comments?post=1843"}],"version-history":[{"count":2,"href":"https:\/\/www.ee.pw.edu.pl\/100-lecie\/wp-json\/wp\/v2\/posts\/1843\/revisions"}],"predecessor-version":[{"id":1847,"href":"https:\/\/www.ee.pw.edu.pl\/100-lecie\/wp-json\/wp\/v2\/posts\/1843\/revisions\/1847"}],"wp:featuredmedia":[{"embeddable":true,"href":"https:\/\/www.ee.pw.edu.pl\/100-lecie\/wp-json\/wp\/v2\/media\/1844"}],"wp:attachment":[{"href":"https:\/\/www.ee.pw.edu.pl\/100-lecie\/wp-json\/wp\/v2\/media?parent=1843"}],"wp:term":[{"taxonomy":"category","embeddable":true,"href":"https:\/\/www.ee.pw.edu.pl\/100-lecie\/wp-json\/wp\/v2\/categories?post=1843"},{"taxonomy":"post_tag","embeddable":true,"href":"https:\/\/www.ee.pw.edu.pl\/100-lecie\/wp-json\/wp\/v2\/tags?post=1843"}],"curies":[{"name":"wp","href":"https:\/\/api.w.org\/{rel}","templated":true}]}}